{"id":5002,"date":"2025-06-11T22:31:06","date_gmt":"2025-06-11T20:31:06","guid":{"rendered":"https:\/\/www.elmshorner-schachclub.de\/?p=5002"},"modified":"2025-06-11T22:31:06","modified_gmt":"2025-06-11T20:31:06","slug":"deutsche-seniorenmeisterschaft-2025-in-bad-neuenahr-tag-1","status":"publish","type":"post","link":"https:\/\/www.elmshorner-schachclub.de\/index.php\/2025\/06\/11\/deutsche-seniorenmeisterschaft-2025-in-bad-neuenahr-tag-1\/","title":{"rendered":"Deutsche Seniorenmeisterschaft 2025 in Bad Neuenahr &#8211; TAG 1"},"content":{"rendered":"\n<p>Wir (Petra und Torsten) sind in Bad Neuenahr, knapp 4 Jahre nach der Flutkatastrophe in der Nacht vom 14. auf den 15. Juli 2021. Hier vor Ort zeigt sich das Ausma\u00df eigentlich noch \u00fcberall im Ort. Unsere Unterkunft liegt so ca. 200 Meter vom Flu\u00df Ahr entfernt, der jetzt ganz friedlich in seinem Bett dahinpl\u00e4tschert, eigentlich nur ein Fl\u00fcsschen&#8230; Es wurde damals eine Fluth\u00f6he von 5 Metern \u00fcber normal prognostiziert und damit w\u00e4re gerade mal die Uferstrasse \u00fcberschwemmt gewesen. Es wurden dann aber knapp mehr als 10 Meter \u00fcber normal&#8230;<\/p>\n\n\n\n<p>Unser Vermieter zeigte Petra und mir seine privaten Fotos und auf 2 der Fotos ist die Flutmarke mitten in der Stadt markiert. Es gibt noch immer eine Vielzahl an provisorischen Br\u00fccken und das Casino (ehemals im Steigenberger Hotel) konnte bisher noch nicht wieder er\u00f6ffnen, eben sowenig die Therme.<\/p>\n\n\n\n<p>Es ist aber nicht so, da\u00df wir als Vollzeit-Touri (Petra) bzw. Teilzeit-Touri (Torsten) hier nix unternehmen k\u00f6nnten und an Restaurants, Caf\u00e9s etc. mangelt es nicht.<\/p>\n\n\n\n<p>Torsten habe ich heute um 14h (mit Schach-Fliege, wei\u00dfem Oberhemd und gr\u00fcn-weisser Weste) im Spielsaal abgegeben und erstmal eine Vitamin-D-Kur auf der Terrasse gemacht; der erste Sonnencreme-Einsatz des Jahres 2025. Zum Gl\u00fcck gibt es einen Sonnenschirm&#8230;<\/p>\n\n\n\n<p>Oops, nach weniger als 2 Stunden hatte Torsten seinen ersten Punkt eingefahren. Das war schnell. Seine Gegnerin ist wohl etwas vorwitzig mit ihren Bauern nach vorne gezogen (also die Jungs, die nur vorw\u00e4rts, nie r\u00fcckw\u00e4rts gehen k\u00f6nnen) und \u00fcberlie\u00df Torsten viel Platz und Initiative, ihren K\u00f6nig aus dem Hinterhalt zu &#8222;erlegen&#8220;.<\/p>\n\n\n\n<p>Morgen gibt es eine gr\u00f6\u00dfere Aufgabe zu erledigen &#8211; aber Torsten ist h\u00f6chst motiviert und bestens vorbereitet.<\/p>\n\n\n\n<figure class=\"wp-block-image size-large\"><img loading=\"lazy\" decoding=\"async\" width=\"1024\" height=\"768\" src=\"https:\/\/www.elmshorner-schachclub.de\/wp-content\/uploads\/2025\/06\/Spielsaal-Bad-Neuenahr-2025-1024x768.jpg\" alt=\"\" class=\"wp-image-5004\" srcset=\"https:\/\/www.elmshorner-schachclub.de\/wp-content\/uploads\/2025\/06\/Spielsaal-Bad-Neuenahr-2025-1024x768.jpg 1024w, https:\/\/www.elmshorner-schachclub.de\/wp-content\/uploads\/2025\/06\/Spielsaal-Bad-Neuenahr-2025-1536x1152.jpg 1536w, https:\/\/www.elmshorner-schachclub.de\/wp-content\/uploads\/2025\/06\/Spielsaal-Bad-Neuenahr-2025.jpg 2000w\" sizes=\"auto, (max-width: 1024px) 100vw, 1024px\" \/><\/figure>\n","protected":false},"excerpt":{"rendered":"<p>Wir (Petra und Torsten) sind in Bad Neuenahr, knapp 4 Jahre nach der Flutkatastrophe in der Nacht vom 14. auf den 15. Juli 2021. Hier vor Ort zeigt sich das Ausma\u00df eigentlich noch \u00fcberall im Ort. Unsere Unterkunft liegt so ca. 200 Meter vom Flu\u00df Ahr entfernt, der jetzt ganz friedlich in seinem Bett dahinpl\u00e4tschert, [&hellip;]<\/p>\n","protected":false},"author":4,"featured_media":0,"comment_status":"closed","ping_status":"open","sticky":false,"template":"","format":"standard","meta":{"_bbp_topic_count":0,"_bbp_reply_count":0,"_bbp_total_topic_count":0,"_bbp_total_reply_count":0,"_bbp_voice_count":0,"_bbp_anonymous_reply_count":0,"_bbp_topic_count_hidden":0,"_bbp_reply_count_hidden":0,"_bbp_forum_subforum_count":0,"footnotes":""},"categories":[8],"tags":[],"class_list":["post-5002","post","type-post","status-publish","format-standard","hentry","category-vereinsleben"],"_links":{"self":[{"href":"https:\/\/www.elmshorner-schachclub.de\/index.php\/wp-json\/wp\/v2\/posts\/5002","targetHints":{"allow":["GET"]}}],"collection":[{"href":"https:\/\/www.elmshorner-schachclub.de\/index.php\/wp-json\/wp\/v2\/posts"}],"about":[{"href":"https:\/\/www.elmshorner-schachclub.de\/index.php\/wp-json\/wp\/v2\/types\/post"}],"author":[{"embeddable":true,"href":"https:\/\/www.elmshorner-schachclub.de\/index.php\/wp-json\/wp\/v2\/users\/4"}],"replies":[{"embeddable":true,"href":"https:\/\/www.elmshorner-schachclub.de\/index.php\/wp-json\/wp\/v2\/comments?post=5002"}],"version-history":[{"count":2,"href":"https:\/\/www.elmshorner-schachclub.de\/index.php\/wp-json\/wp\/v2\/posts\/5002\/revisions"}],"predecessor-version":[{"id":5005,"href":"https:\/\/www.elmshorner-schachclub.de\/index.php\/wp-json\/wp\/v2\/posts\/5002\/revisions\/5005"}],"wp:attachment":[{"href":"https:\/\/www.elmshorner-schachclub.de\/index.php\/wp-json\/wp\/v2\/media?parent=5002"}],"wp:term":[{"taxonomy":"category","embeddable":true,"href":"https:\/\/www.elmshorner-schachclub.de\/index.php\/wp-json\/wp\/v2\/categories?post=5002"},{"taxonomy":"post_tag","embeddable":true,"href":"https:\/\/www.elmshorner-schachclub.de\/index.php\/wp-json\/wp\/v2\/tags?post=5002"}],"curies":[{"name":"wp","href":"https:\/\/api.w.org\/{rel}","templated":true}]}}