{"id":478,"date":"2016-05-29T12:01:30","date_gmt":"2016-05-29T10:01:30","guid":{"rendered":"http:\/\/www.elmshorner-schachclub.de\/?p=478"},"modified":"2016-06-01T12:13:48","modified_gmt":"2016-06-01T10:13:48","slug":"1-esc-turnier-fuer-grundschueler-mit-grosser-beteiligung","status":"publish","type":"post","link":"https:\/\/www.elmshorner-schachclub.de\/index.php\/2016\/05\/29\/1-esc-turnier-fuer-grundschueler-mit-grosser-beteiligung\/","title":{"rendered":"1. ESC-Turnier f\u00fcr Grundsch\u00fcler mit gro\u00dfer Beteiligung"},"content":{"rendered":"<p>Diese Beteiligung \u00fcber traf die Erwartungen bei Weitem! Am 21. Mai traten 28 Grundsch\u00fcler aus fast allen Elmshorner Grundschulen im Haus der Begegnung in zwei Spielgruppen an. <!--more-->In der\u00a0ersten Spielgruppe gewann die bereits turniererfahrene und f\u00fcr den ESC spielende\u00a0Franziska Falke (GS Haselau) alle sieben Partien und konnte damit den Siegerpokal in Empfang nehmen. Zweiter wurde Nico Moysich (Leibniz-Schule) mit sechs Punkten\u00a0vor Finn Ole Reimer (GS Hafenstra\u00dfe).<\/p>\n<p>Jan Eibel siegte ungeschlagen in der zweiten Gruppe vor Philipp Graf und Malte Ahrens (alle Leibniz-Schule).<\/p>\n<p>Aufgrund der gro\u00dfen Beteiligung ist das zweite Turnier bereits in Planung.<\/p>\n<p>&nbsp;<\/p>\n<p>&nbsp;<\/p>\n<p>Heiko: Nachtrag: hier die Abschlusstabellen:<\/p>\n<p>&nbsp;<\/p>\n<p>&nbsp;<\/p>\n<p><strong><em>1.Elmshorner Schachturnier f\u00fcr Grundsch\u00fcler<\/em><\/strong><\/p>\n<p>&nbsp;<\/p>\n<p>am 21.5.2016 im Haus der Begegnung<\/p>\n<p>&nbsp;<\/p>\n<p>&nbsp;<\/p>\n<p><strong><em>Abschlusstabelle Gruppe\u00a03.+\u00a04.Klasse<\/em><\/strong><\/p>\n<p>&nbsp;<\/p>\n<table>\n<tbody>\n<tr>\n<td>Rang<\/td>\n<td>Teilnehmer<\/td>\n<td>Verein\/Grundschule<\/td>\n<td>Punkte<\/td>\n<td>Zweite Wertung<\/td>\n<\/tr>\n<tr>\n<td>1.<\/td>\n<td>Franziska\u00a0Falke<\/td>\n<td>ESC\/Haselau<\/td>\n<td>7.0<\/td>\n<td>26.0<\/td>\n<\/tr>\n<tr>\n<td>2.<\/td>\n<td>Nico\u00a0Moysich<\/td>\n<td>Leibniz-Schule<\/td>\n<td>6.0<\/td>\n<td>27.0<\/td>\n<\/tr>\n<tr>\n<td>3.<\/td>\n<td>Finn\u00a0Ole\u00a0Reimer<\/td>\n<td>Hafenstra\u00dfe<\/td>\n<td>4.5<\/td>\n<td>27.0<\/td>\n<\/tr>\n<tr>\n<td>4.<\/td>\n<td>Philipp\u00a0M\u00fcffelmann<\/td>\n<td>Hafenstra\u00dfe<\/td>\n<td>4.5<\/td>\n<td>25.0<\/td>\n<\/tr>\n<tr>\n<td>5.<\/td>\n<td>Looke\u00a0Brauer<\/td>\n<td>ESC\/Haselau<\/td>\n<td>4.0<\/td>\n<td>24.0<\/td>\n<\/tr>\n<tr>\n<td>6.<\/td>\n<td>Diana\u00a0Taut<\/td>\n<td>Hainholz<\/td>\n<td>3.5<\/td>\n<td>26.0<\/td>\n<\/tr>\n<tr>\n<td>6.<\/td>\n<td>Ilayda\u00a0\u00d6zpolat<\/td>\n<td>Hainholz<\/td>\n<td>3.5<\/td>\n<td>26.0<\/td>\n<\/tr>\n<tr>\n<td>8.<\/td>\n<td>Dennis\u00a0Kreker<\/td>\n<td>Timm-Kr\u00f6ger-Schule<\/td>\n<td>3.0<\/td>\n<td>21.5<\/td>\n<\/tr>\n<tr>\n<td>9.<\/td>\n<td>Benign\u00a0Boachie<\/td>\n<td>Hainholz<\/td>\n<td>2.0<\/td>\n<td>20.0<\/td>\n<\/tr>\n<tr>\n<td>10.<\/td>\n<td>Jerle\u00a0Grigoleit<\/td>\n<td>Hafenstra\u00dfe<\/td>\n<td>2.0<\/td>\n<td>19.0<\/td>\n<\/tr>\n<tr>\n<td>11.<\/td>\n<td>Katharina\u00a0Graf<\/td>\n<td>Hainholz<\/td>\n<td>1.5<\/td>\n<td>19.0<\/td>\n<\/tr>\n<tr>\n<td>12.<\/td>\n<td>Susanna\u00a0Margaryan<\/td>\n<td>Hainholz<\/td>\n<td>0.5<\/td>\n<td>20.5<\/td>\n<\/tr>\n<\/tbody>\n<\/table>\n<p>&nbsp;<\/p>\n<p><strong><em>Abschlusstabelle Gruppe\u00a01.+\u00a02.Klasse<\/em><\/strong><\/p>\n<p>&nbsp;<\/p>\n<table>\n<tbody>\n<tr>\n<td>Rang<\/td>\n<td>Teilnehmer<\/td>\n<td>Verein\/Grundschule<\/td>\n<td>Punkte<\/td>\n<td>Zweite Wertung<\/td>\n<\/tr>\n<tr>\n<td>1.<\/td>\n<td>Jan\u00a0Eibel<\/td>\n<td>ESC\/Leibniz-Schule<\/td>\n<td>7.0<\/td>\n<td>24.5<\/td>\n<\/tr>\n<tr>\n<td>2.<\/td>\n<td>Philipp\u00a0Graf<\/td>\n<td>Leibniz-Schule<\/td>\n<td>6.0<\/td>\n<td>26.5<\/td>\n<\/tr>\n<tr>\n<td>3.<\/td>\n<td>Malte\u00a0Ahrens<\/td>\n<td>Leibniz-Schule<\/td>\n<td>5.0<\/td>\n<td>27.0<\/td>\n<\/tr>\n<tr>\n<td>4.<\/td>\n<td>Merle\u00a0Ahrens<\/td>\n<td>Leibniz-Schule<\/td>\n<td>4.0<\/td>\n<td>27.0<\/td>\n<\/tr>\n<tr>\n<td>5.<\/td>\n<td>Michel\u00a0Schuster<\/td>\n<td>Leibniz-Schule<\/td>\n<td>4.0<\/td>\n<td>25.0<\/td>\n<\/tr>\n<tr>\n<td>6.<\/td>\n<td>Max\u00a0Parszinski<\/td>\n<td>Leibniz-Schule<\/td>\n<td>3.5<\/td>\n<td>27.0<\/td>\n<\/tr>\n<tr>\n<td>7.<\/td>\n<td>Fine\u00a0Kerkamm<\/td>\n<td>Friedrich-Ebert-Schule<\/td>\n<td>3.5<\/td>\n<td>19.0<\/td>\n<\/tr>\n<tr>\n<td>8.<\/td>\n<td>Julian\u00a0Barg<\/td>\n<td>Leibniz-Schule<\/td>\n<td>3.0<\/td>\n<td>28.5<\/td>\n<\/tr>\n<tr>\n<td>9.<\/td>\n<td>Julia\u00a0Leyla\u00a0Aksu<\/td>\n<td>Leibniz-Schule<\/td>\n<td>3.0<\/td>\n<td>25.5<\/td>\n<\/tr>\n<tr>\n<td>10.<\/td>\n<td>Henry\u00a0Bartminn<\/td>\n<td>Leibniz-Schule<\/td>\n<td>3.0<\/td>\n<td>22.0<\/td>\n<\/tr>\n<tr>\n<td>11.<\/td>\n<td>Emily\u00a0Raru<\/td>\n<td>Hainholz<\/td>\n<td>3.0<\/td>\n<td>17.0<\/td>\n<\/tr>\n<tr>\n<td>12.<\/td>\n<td>Neele\u00a0Lamperz<\/td>\n<td>Hainholz<\/td>\n<td>3.0<\/td>\n<td>16.5<\/td>\n<\/tr>\n<tr>\n<td>13.<\/td>\n<td>Nelson\u00a0Squires<\/td>\n<td>Leibniz-Schule<\/td>\n<td>2.5<\/td>\n<td>20.5<\/td>\n<\/tr>\n<tr>\n<td>14.<\/td>\n<td>Jonke\u00a0Brauer<\/td>\n<td>ESC\/Haselau<\/td>\n<td>2.5<\/td>\n<td>16.5<\/td>\n<\/tr>\n<tr>\n<td>15.<\/td>\n<td>Simon\u00a0Steinhauer<\/td>\n<td>Friedrich-Ebert-Schule<\/td>\n<td>2.0<\/td>\n<td>22.5<\/td>\n<\/tr>\n<tr>\n<td>16.<\/td>\n<td>Svea\u00a0Thomat<\/td>\n<td>Leibniz-Schule<\/td>\n<td>1.0<\/td>\n<td>19.0<\/td>\n<\/tr>\n<\/tbody>\n<\/table>\n<p>&nbsp;<\/p>\n","protected":false},"excerpt":{"rendered":"<p>Diese Beteiligung \u00fcber traf die Erwartungen bei Weitem! Am 21. Mai traten 28 Grundsch\u00fcler aus fast allen Elmshorner Grundschulen im Haus der Begegnung in zwei Spielgruppen an.<\/p>\n","protected":false},"author":4,"featured_media":0,"comment_status":"closed","ping_status":"open","sticky":false,"template":"","format":"standard","meta":{"_bbp_topic_count":0,"_bbp_reply_count":0,"_bbp_total_topic_count":0,"_bbp_total_reply_count":0,"_bbp_voice_count":0,"_bbp_anonymous_reply_count":0,"_bbp_topic_count_hidden":0,"_bbp_reply_count_hidden":0,"_bbp_forum_subforum_count":0,"footnotes":""},"categories":[7],"tags":[],"class_list":["post-478","post","type-post","status-publish","format-standard","hentry","category-sonstige-turniere"],"_links":{"self":[{"href":"https:\/\/www.elmshorner-schachclub.de\/index.php\/wp-json\/wp\/v2\/posts\/478","targetHints":{"allow":["GET"]}}],"collection":[{"href":"https:\/\/www.elmshorner-schachclub.de\/index.php\/wp-json\/wp\/v2\/posts"}],"about":[{"href":"https:\/\/www.elmshorner-schachclub.de\/index.php\/wp-json\/wp\/v2\/types\/post"}],"author":[{"embeddable":true,"href":"https:\/\/www.elmshorner-schachclub.de\/index.php\/wp-json\/wp\/v2\/users\/4"}],"replies":[{"embeddable":true,"href":"https:\/\/www.elmshorner-schachclub.de\/index.php\/wp-json\/wp\/v2\/comments?post=478"}],"version-history":[{"count":2,"href":"https:\/\/www.elmshorner-schachclub.de\/index.php\/wp-json\/wp\/v2\/posts\/478\/revisions"}],"predecessor-version":[{"id":484,"href":"https:\/\/www.elmshorner-schachclub.de\/index.php\/wp-json\/wp\/v2\/posts\/478\/revisions\/484"}],"wp:attachment":[{"href":"https:\/\/www.elmshorner-schachclub.de\/index.php\/wp-json\/wp\/v2\/media?parent=478"}],"wp:term":[{"taxonomy":"category","embeddable":true,"href":"https:\/\/www.elmshorner-schachclub.de\/index.php\/wp-json\/wp\/v2\/categories?post=478"},{"taxonomy":"post_tag","embeddable":true,"href":"https:\/\/www.elmshorner-schachclub.de\/index.php\/wp-json\/wp\/v2\/tags?post=478"}],"curies":[{"name":"wp","href":"https:\/\/api.w.org\/{rel}","templated":true}]}}